{"id":24020,"date":"2024-07-29T08:00:28","date_gmt":"2024-07-29T15:00:28","guid":{"rendered":"https:\/\/433futbol.com\/los-11-mejores-defensas-de-la-liga-de-campeones-de-todos-los-tiempos\/"},"modified":"2025-05-22T12:30:19","modified_gmt":"2025-05-22T19:30:19","slug":"los-11-mejores-defensas-de-la-liga-de-campeones-de-todos-los-tiempos","status":"publish","type":"post","link":"https:\/\/433futbol.com\/es\/los-11-mejores-defensas-de-la-liga-de-campeones-de-todos-los-tiempos\/","title":{"rendered":"Los 11 mejores defensas de la Liga de Campeones de todos los tiempos"},"content":{"rendered":"\n<p>Hay laterales de todas las formas y tama\u00f1os: algunos pueden marcar goles, correr la banda, y otros se centran en el trabajo sucio y lo pasan r\u00e1pidamente desde atr\u00e1s.\nPero los mejores del mundo dan un paso adelante en los momentos cruciales, <a href=\"https:\/\/433futbol.com\/top-5-defenders-with-the-most-champions-league-goals\/\">como en la Liga de Campeones<\/a>. <\/p>\n\n<p>Presentemos a los mejores defensas de la historia de la Liga de Campeones desde su remodelaci\u00f3n en 1992.<\/p>\n\n<h4 class=\"wp-block-heading\" id=\"h-paolo-maldini\">Paolo Maldini<\/h4>\n\n<p>Paulo Maldini, uno de los defensas m\u00e1s constantes de todos los tiempos, qued\u00f3 dos veces tercero para el Bal\u00f3n de Oro, una en 1994 y otra nueve a\u00f1os despu\u00e9s. El italiano de un solo club capitane\u00f3 al AC Milan hasta 5 trofeos de la Liga de Campeones y siete t\u00edtulos de liga en 14 a\u00f1os hist\u00f3ricos con el AC Milan. Tambi\u00e9n ayud\u00f3 a Italia a ganar el Mundial de 2006.<\/p>\n<div class=\"wp-block-image size-full wp-image-2565\">\n<figure class=\"aligncenter\"><img fetchpriority=\"high\" decoding=\"async\" width=\"1200\" height=\"1130\" src=\"https:\/\/433futbol.com\/wp-content\/uploads\/post-media\/AC Milan best\/Paolo-Maldini.jpeg\" alt=\"\" class=\"wp-image-2565\" srcset=\"https:\/\/433futbol.com\/wp-content\/uploads\/post-media\/AC%20Milan%20best\/Paolo-Maldini.jpeg 1200w, https:\/\/433futbol.com\/wp-content\/uploads\/post-media\/AC%20Milan%20best\/Paolo-Maldini-585x551.jpeg 585w\" sizes=\"(max-width: 1200px) 100vw, 1200px\" \/><figcaption class=\"wp-element-caption\">v\u00eda Twitter<\/figcaption><\/figure><\/div>\n<h4 class=\"wp-block-heading\" id=\"h-carles-puyol\">Carles Puyol<\/h4>\n\n<p>L\u00edder inspirador con una \u00e9tica de trabajo diligente, el lateral derecho Carles Puyol capitane\u00f3 al Bar\u00e7a durante una d\u00e9cada, en la que gan\u00f3 seis t\u00edtulos de Liga y 3 trofeos de la Liga de Campeones.\nPuede que no fuera el jugador m\u00e1s llamativo de un equipo de superestrellas, pero era el m\u00e1s comprometido.  Su actitud ganadora era contagiosa: tambi\u00e9n ayud\u00f3 a llevar a Espa\u00f1a al Mundial de 2010.<\/p>\n\n<figure class=\"wp-block-embed is-type-rich is-provider-twitter wp-block-embed-twitter\"><div class=\"wp-block-embed__wrapper\"> \n<blockquote class=\"twitter-tweet\" data-width=\"500\" data-dnt=\"true\"><p lang=\"fr\" dir=\"ltr\">Carles Puyol was brilliant! <a href=\"https:\/\/t.co\/voLjeaSgTC\">https:\/\/t.co\/voLjeaSgTC<\/a><\/p>&mdash; 90s Football (@90sfootball) <a href=\"https:\/\/twitter.com\/90sfootball\/status\/1132003330870456323?ref_src=twsrc%5Etfw\">May 24, 2019<\/a><\/blockquote><script async src=\"https:\/\/platform.twitter.com\/widgets.js\" charset=\"utf-8\"><\/script>\n <\/div><\/figure>\n\n<h4 class=\"wp-block-heading\" id=\"h-gary-neville\">Gary Neville<\/h4>\n\n<p>Gary Neville jug\u00f3 toda su carrera de 20 a\u00f1os en el Manchester United, disputando m\u00e1s de 600 partidos. Fue capit\u00e1n del club durante cinco a\u00f1os y ayud\u00f3 a los <a href=\"https:\/\/433futbol.com\/es\/garnacho-supera-a-dybala-en-la-convocatoria-para-la-copa-america\/\" title=\"Garnacho edges Dybala in Copa America call-up. Did Scaloni make the right call?\" data-wpil-monitor-id=\"15340\">Diablos Rojos a ganar 8 t\u00edtulos de<\/a> la Premier, 3 Copas de Inglaterra, 2 Copas de la Liga y 2 Ligas de Campeones.<\/p>\n<div class=\"wp-block-image size-full wp-image-2891\">\n<figure class=\"aligncenter\"><img decoding=\"async\" width=\"1200\" height=\"775\" src=\"https:\/\/433futbol.com\/wp-content\/uploads\/post-media\/Greatest captains of Premier League\/Gary-Neville.jpeg\" alt=\"\" class=\"wp-image-2891\" srcset=\"https:\/\/433futbol.com\/wp-content\/uploads\/post-media\/Greatest%20captains%20of%20Premier%20League\/Gary-Neville.jpeg 1200w, https:\/\/433futbol.com\/wp-content\/uploads\/post-media\/Greatest%20captains%20of%20Premier%20League\/Gary-Neville-585x378.jpeg 585w\" sizes=\"(max-width: 1200px) 100vw, 1200px\" \/><figcaption class=\"wp-element-caption\">v\u00eda Twitter<\/figcaption><\/figure><\/div>\n<h4 class=\"wp-block-heading\" id=\"h-dani-alves\">Dani Alves<\/h4>\n\n<p>Reconocido por sus habilidades t\u00e9cnicas y su velocidad, el lateral derecho brasile\u00f1o Dani Alves gan\u00f3 24 trofeos en sus ocho a\u00f1os en el Camp Nou, incluido el triplete en su primera temporada. Su palmar\u00e9s incluye un total de 3 Ligas de Campeones, 6 Ligas, 4 Copas del Rey, 5 Supercopas de Espa\u00f1a y 4 Supercopas de la UEFA. Tambi\u00e9n desempe\u00f1\u00f3 un papel fundamental en la clasificaci\u00f3n de la Juventus para la Liga de Campeones durante la temporada 2016\/17.<\/p>\n<div class=\"wp-block-image size-full wp-image-1739\">\n<figure class=\"aligncenter\"><img decoding=\"async\" width=\"1200\" height=\"675\" src=\"https:\/\/433futbol.com\/wp-content\/uploads\/post-media\/Top Barcelona Players from Brazil\/Dani-Alves-2008-2016.jpeg\" alt=\"\" class=\"wp-image-1739\" srcset=\"https:\/\/433futbol.com\/wp-content\/uploads\/post-media\/Top%20Barcelona%20Players%20from%20Brazil\/Dani-Alves-2008-2016.jpeg 1200w, https:\/\/433futbol.com\/wp-content\/uploads\/post-media\/Top%20Barcelona%20Players%20from%20Brazil\/Dani-Alves-2008-2016-585x329.jpeg 585w\" sizes=\"(max-width: 1200px) 100vw, 1200px\" \/><figcaption class=\"wp-element-caption\">v\u00eda Twitter<\/figcaption><\/figure><\/div>\n<h4 class=\"wp-block-heading\" id=\"h-philipp-lahm\">Philipp Lahm<\/h4>\n\n<p>El lateral derecho jug\u00f3 17 temporadas en el conjunto b\u00e1varo, capitaneando al equipo en su primer triplete en 2012, con la Liga de Campeones, el t\u00edtulo de la Liga alemana y la Copa de la DFB en su haber. Conocido como un lateral talentoso y juicioso &#8212; Pep Guardiola lo llam\u00f3 &#8220;quiz\u00e1s el jugador m\u00e1s inteligente que he entrenado en mi carrera.&#8221;<\/p>\n<div class=\"wp-block-image size-full wp-image-1232\">\n<figure class=\"aligncenter\"><img loading=\"lazy\" decoding=\"async\" width=\"1200\" height=\"675\" src=\"https:\/\/433futbol.com\/wp-content\/uploads\/post-media\/11 Best Defenders Champions League All-time_\/Philipp-Lahm.jpeg\" alt=\"\" class=\"wp-image-1232\" srcset=\"https:\/\/433futbol.com\/wp-content\/uploads\/post-media\/11%20Best%20Defenders%20Champions%20League%20All-time_\/Philipp-Lahm.jpeg 1200w, https:\/\/433futbol.com\/wp-content\/uploads\/post-media\/11%20Best%20Defenders%20Champions%20League%20All-time_\/Philipp-Lahm-585x329.jpeg 585w\" sizes=\"(max-width: 1200px) 100vw, 1200px\" \/><figcaption class=\"wp-element-caption\">v\u00eda Twitter<\/figcaption><\/figure><\/div>\n<h4 class=\"wp-block-heading\" id=\"h-john-terry\">John Terry<\/h4>\n\n<p>Conocido como el &#8220;Capit\u00e1n Fant\u00e1stico&#8221;, el defensa John Terry pas\u00f3 m\u00e1s de 19 a\u00f1os en el Chelsea, con el que disput\u00f3 500 partidos. Terry puso el broche de oro a una carrera llena de historias con una victoria en la Liga de Campeones en 2012. Tambi\u00e9n gan\u00f3 cuatro Copas de Inglaterra y tres Copas de la Liga. John Terry sigue siendo el \u00fanico jugador que ha capitaneado un equipo de la Premier League hasta conseguir cinco t\u00edtulos.<\/p>\n<div class=\"wp-block-image size-full wp-image-1812\">\n<figure class=\"aligncenter\"><img loading=\"lazy\" decoding=\"async\" width=\"900\" height=\"900\" src=\"https:\/\/433futbol.com\/wp-content\/uploads\/post-media\/Best defenders of 2000s\/John-Terry.jpg\" alt=\"Los mejores defensas de la d&#xE9;cada de 2000\" class=\"wp-image-1812\" srcset=\"https:\/\/433futbol.com\/wp-content\/uploads\/post-media\/Best%20defenders%20of%202000s\/John-Terry.jpg 900w, https:\/\/433futbol.com\/wp-content\/uploads\/post-media\/Best%20defenders%20of%202000s\/John-Terry-100x100.jpg 100w, https:\/\/433futbol.com\/wp-content\/uploads\/post-media\/Best%20defenders%20of%202000s\/John-Terry-500x500.jpg 500w, https:\/\/433futbol.com\/wp-content\/uploads\/post-media\/Best%20defenders%20of%202000s\/John-Terry-585x585.jpg 585w, https:\/\/433futbol.com\/wp-content\/uploads\/post-media\/Best%20defenders%20of%202000s\/John-Terry-220x220.jpg 220w, https:\/\/433futbol.com\/wp-content\/uploads\/post-media\/Best%20defenders%20of%202000s\/John-Terry-80x80.jpg 80w\" sizes=\"(max-width: 900px) 100vw, 900px\" \/><figcaption class=\"wp-element-caption\">v\u00eda Twitter<\/figcaption><\/figure><\/div>\n<h4 class=\"wp-block-heading\" id=\"h-rio-ferdinand\">Rio Ferdinand<\/h4>\n\n<p>Considerado uno de los mejores defensas con bal\u00f3n, el dominante central Rio Ferdinand jug\u00f3 12 a\u00f1os en el Manchester United, donde gan\u00f3 la Liga de Campeones en la temporada 2007\/08. Tambi\u00e9n gan\u00f3 la <a href=\"https:\/\/433futbol.com\/es\/chicharito-regresa-como-heroe-al-club-de-su-infancia-chivas\/\" title=\"Chicharito makes a hero&#8217;s return back to boyhood club, Chivas\" data-wpil-monitor-id=\"15338\">Premier League<\/a> en su primer a\u00f1o en el club, en 2003, con un total de seis t\u00edtulos de la Premier League.<\/p>\n<div class=\"wp-block-image size-full wp-image-1231\">\n<figure class=\"aligncenter\"><img loading=\"lazy\" decoding=\"async\" width=\"1200\" height=\"750\" src=\"https:\/\/433futbol.com\/wp-content\/uploads\/post-media\/11 Best Defenders Champions League All-time_\/Rio-Ferdinand.jpeg\" alt=\"\" class=\"wp-image-1231\" srcset=\"https:\/\/433futbol.com\/wp-content\/uploads\/post-media\/11%20Best%20Defenders%20Champions%20League%20All-time_\/Rio-Ferdinand.jpeg 1200w, https:\/\/433futbol.com\/wp-content\/uploads\/post-media\/11%20Best%20Defenders%20Champions%20League%20All-time_\/Rio-Ferdinand-585x366.jpeg 585w\" sizes=\"(max-width: 1200px) 100vw, 1200px\" \/><figcaption class=\"wp-element-caption\">v\u00eda Twitter<\/figcaption><\/figure><\/div>\n<h4 class=\"wp-block-heading\" id=\"h-nemanja-vidic\">Nemanja Vidi\u0107<\/h4>\n\n<p>Fichado en 2006, Nemanja Vidi\u0107 pas\u00f3 ocho a\u00f1os protegiendo la zaga de los Diablos Rojos. Contundente y fiable, Vidi\u0107 ayud\u00f3 al United a ganar un cubo de trofeos, incluida una Liga de Campeones en 2008 y cinco trofeos de la Premier League. En la temporada 2008\/09, Vidi\u0107 contribuy\u00f3 a que el Manchester United registrara 14 partidos consecutivos sin recibir goles y gan\u00f3 el primero de sus dos premios al mejor jugador de la temporada <a href=\"https:\/\/433futbol.com\/es\/claudio-echeverri-la-nueva-joya-argentina-del-manchester-city\/\" title=\"Who is Man City&#8217;s new Argentine signing, Claudio Echeverri, and how good is he?\" data-wpil-monitor-id=\"7910\">de la Premier League<\/a>.<\/p>\n\n<figure class=\"wp-block-embed is-type-rich is-provider-twitter wp-block-embed-twitter\"><div class=\"wp-block-embed__wrapper\"> \n<blockquote class=\"twitter-tweet\" data-width=\"500\" data-dnt=\"true\"><p lang=\"en\" dir=\"ltr\">\u26a0\ufe0f Danger alert: Nemanja Vidic from a set-piece \u2604\ufe0f<a href=\"https:\/\/twitter.com\/hashtag\/MUFC?src=hash&amp;ref_src=twsrc%5Etfw\">#MUFC<\/a> <a href=\"https:\/\/twitter.com\/hashtag\/GoalOfTheDay?src=hash&amp;ref_src=twsrc%5Etfw\">#GoalOfTheDay<\/a> <a href=\"https:\/\/t.co\/sF60WdVSqj\">pic.twitter.com\/sF60WdVSqj<\/a><\/p>&mdash; Manchester United (@ManUtd) <a href=\"https:\/\/twitter.com\/ManUtd\/status\/1360613953789849600?ref_src=twsrc%5Etfw\">February 13, 2021<\/a><\/blockquote><script async src=\"https:\/\/platform.twitter.com\/widgets.js\" charset=\"utf-8\"><\/script>\n <\/div><\/figure>\n\n<h4 class=\"wp-block-heading\" id=\"h-sergio-ramos\">Sergio Ramos<\/h4>\n\n<p>Ramos sucedi\u00f3 a Iker Casillas como capit\u00e1n del Real Madrid en 2015, ayudando a guiar a los blancos a cuatro de las cinco \u00faltimas victorias en <a href=\"https:\/\/433futbol.com\/es\/jude-bellingham-contribuye-al-ultimo-diseno-de-adidas-predator-24\/\" title=\"Jude Bellingham lends hand to Adidas latest Predator 24 design\" data-wpil-monitor-id=\"7908\">la Liga<\/a> de Campeones. Lo amemos o lo odiemos por alguna que otra falta dudosa, ha sido constante al m\u00e1s alto nivel durante 14 a\u00f1os y ha marcado algunos goles cruciales por el camino. Tambi\u00e9n desempe\u00f1\u00f3 un papel fundamental en la victoria de Espa\u00f1a en el Mundial de 2010.<\/p>\n\n<figure class=\"wp-block-embed is-type-rich is-provider-twitter wp-block-embed-twitter\"><div class=\"wp-block-embed__wrapper\"> \n<blockquote class=\"twitter-tweet\" data-width=\"500\" data-dnt=\"true\"><p lang=\"en\" dir=\"ltr\">\ud83d\udea8 Sergio Ramos is the BEST defender of 21st century, based on <a href=\"https:\/\/twitter.com\/espn?ref_src=twsrc%5Etfw\">@espn<\/a> list. <a href=\"https:\/\/t.co\/SvbMYOwseg\">pic.twitter.com\/SvbMYOwseg<\/a><\/p>&mdash; Madrid Zone (@theMadridZone) <a href=\"https:\/\/twitter.com\/theMadridZone\/status\/1815817725660242046?ref_src=twsrc%5Etfw\">July 23, 2024<\/a><\/blockquote><script async src=\"https:\/\/platform.twitter.com\/widgets.js\" charset=\"utf-8\"><\/script>\n <\/div><\/figure>\n\n<h4 class=\"wp-block-heading\" id=\"h-marcelo\">Marcelo<\/h4>\n\n<p>Conocido por su exquisito primer toque, el lateral izquierdo brasile\u00f1o Marcelo ha pasado las \u00faltimas 11 temporadas en el Bernab\u00e9u. Tetracampe\u00f3n de la Liga de Campeones y de la Liga espa\u00f1ola, tambi\u00e9n ha ganado dos Copas del Rey y un Mundial.<\/p>\n\n<figure class=\"wp-block-embed is-type-rich is-provider-twitter wp-block-embed-twitter\"><div class=\"wp-block-embed__wrapper\"> \n<blockquote class=\"twitter-tweet\" data-width=\"500\" data-dnt=\"true\"><p lang=\"en\" dir=\"ltr\">Marcelo&#39;s skills \ud83e\udd76 <a href=\"https:\/\/t.co\/zzrE4daDQ9\">https:\/\/t.co\/zzrE4daDQ9<\/a><\/p>&mdash; Out Of Context Real Madrid (@rmanocontext) <a href=\"https:\/\/twitter.com\/rmanocontext\/status\/1812454622843257228?ref_src=twsrc%5Etfw\">July 14, 2024<\/a><\/blockquote><script async src=\"https:\/\/platform.twitter.com\/widgets.js\" charset=\"utf-8\"><\/script>\n <\/div><\/figure>\n\n<h4 class=\"wp-block-heading\" id=\"h-gerard-pique\">Gerard Piqu\u00e9<\/h4>\n\n<p>Gerard Piqu\u00e9, que no destaca por su velocidad, se ha convertido en uno de los defensas m\u00e1s polivalentes del Barcelona, gracias a su seguridad en el juego a\u00e9reo y su agudo pase. En los 456 partidos que ha disputado en sus nueve a\u00f1os con la selecci\u00f3n, ha ganado dos veces el triplete de Liga de Campeones, Copa del Rey y Liga. Tambi\u00e9n desempe\u00f1\u00f3 un papel fundamental en la victoria de Espa\u00f1a en la Copa del Mundo.<\/p>\n\n<figure class=\"wp-block-embed is-type-rich is-provider-twitter wp-block-embed-twitter\"><div class=\"wp-block-embed__wrapper\"> \n<blockquote class=\"twitter-tweet\" data-width=\"500\" data-dnt=\"true\"><p lang=\"es\" dir=\"ltr\">15 years ago today, Gerard Piqu\u00e9 made his official debut for Bar\u00e7a \ud83d\udc99\u2764\ufe0f <a href=\"https:\/\/t.co\/OQ7zXlAfkz\">pic.twitter.com\/OQ7zXlAfkz<\/a><\/p>&mdash; FC Barcelona (@FCBarcelona) <a href=\"https:\/\/twitter.com\/FCBarcelona\/status\/1690710048937308160?ref_src=twsrc%5Etfw\">August 13, 2023<\/a><\/blockquote><script async src=\"https:\/\/platform.twitter.com\/widgets.js\" charset=\"utf-8\"><\/script>\n <\/div><\/figure>\n","protected":false},"excerpt":{"rendered":"<p>Hay laterales de todas las formas y tama\u00f1os: algunos pueden marcar goles, correr la banda, y otros se centran en&#8230;<\/p>\n","protected":false},"author":2,"featured_media":155554,"comment_status":"closed","ping_status":"closed","sticky":false,"template":"","format":"standard","meta":{"footnotes":""},"categories":[21,7231,40,7221,18,7229],"tags":[7717,7994,7975,554,7713,1097,8244,7790,7993,7914,1098,7538,7757,744,8246,8051,791,253,7738,8243,7501,1112,1299,8242,401,7805,8245,7640,1111,8046,402,7820,8212,7725,8211,51],"class_list":["post-24020","post","type-post","status-publish","format-standard","has-post-thumbnail","hentry","category-ac-milan","category-ac-milan-es","category-champions-league","category-liga-de-campeones","category-serie-a","category-serie-a-es","tag-ballon-dor","tag-barcelona-es","tag-barcelona","tag-brazil","tag-camp-nou","tag-carles-puyol","tag-copa-del-rey-es","tag-copa-del-rey","tag-dani-alves-es","tag-dani-alves","tag-defenders","tag-defensores","tag-england","tag-goals","tag-habilidades","tag-highlights","tag-iker-casillas","tag-italy","tag-john-terry","tag-john-terry-es","tag-marcelo-es","tag-marcelo","tag-paolo-maldini","tag-paolo-maldini-es-2","tag-pep-guardiola","tag-rio-ferdinand","tag-rio-ferdinand-es","tag-sergio-ramos-es","tag-sergio-ramos","tag-skills","tag-spain","tag-uefa","tag-uefa-es","tag-var","tag-var-es","tag-world-cup"],"yoast_head":"<!-- This site is optimized with the Yoast SEO Premium plugin v25.7 (Yoast SEO v25.7) - https:\/\/yoast.com\/wordpress\/plugins\/seo\/ -->\n<title>Los 11 mejores defensas de la Liga de Campeones de todos los tiempos | 433Futbol<\/title>\n<meta name=\"description\" content=\"Hay laterales de todas las formas y tama\u00f1os: algunos pueden marcar goles, correr la banda, y otros se centran en el trabajo sucio y lo pasan r\u00e1pidamente\" \/>\n<meta name=\"robots\" content=\"index, follow, max-snippet:-1, max-image-preview:large, max-video-preview:-1\" \/>\n<link rel=\"canonical\" href=\"https:\/\/433futbol.com\/es\/los-11-mejores-defensas-de-la-liga-de-campeones-de-todos-los-tiempos\/\" \/>\n<meta property=\"og:locale\" content=\"es_ES\" \/>\n<meta property=\"og:type\" content=\"article\" \/>\n<meta property=\"og:title\" content=\"Los 11 mejores defensas de la Liga de Campeones de todos los tiempos\" \/>\n<meta property=\"og:description\" content=\"Hay laterales de todas las formas y tama\u00f1os: algunos pueden marcar goles, correr la banda, y otros se centran en el trabajo sucio y lo pasan r\u00e1pidamente\" \/>\n<meta property=\"og:url\" content=\"https:\/\/433futbol.com\/es\/los-11-mejores-defensas-de-la-liga-de-campeones-de-todos-los-tiempos\/\" \/>\n<meta property=\"og:site_name\" content=\"433Futbol\" \/>\n<meta property=\"article:publisher\" content=\"https:\/\/facebook.com\/433Futbol\" \/>\n<meta property=\"article:published_time\" content=\"2024-07-29T15:00:28+00:00\" \/>\n<meta property=\"article:modified_time\" content=\"2025-05-22T19:30:19+00:00\" \/>\n<meta property=\"og:image\" content=\"https:\/\/433futbol.com\/wp-content\/uploads\/Maldini-UCL.png\" \/>\n\t<meta property=\"og:image:width\" content=\"719\" \/>\n\t<meta property=\"og:image:height\" content=\"363\" \/>\n\t<meta property=\"og:image:type\" content=\"image\/png\" \/>\n<meta name=\"author\" content=\"Robert Baum\" \/>\n<meta name=\"twitter:card\" content=\"summary_large_image\" \/>\n<meta name=\"twitter:creator\" content=\"@433futbol_\" \/>\n<meta name=\"twitter:site\" content=\"@433futbol_\" \/>\n<script type=\"application\/ld+json\" class=\"yoast-schema-graph\">{\"@context\":\"https:\/\/schema.org\",\"@graph\":[{\"@type\":\"Article\",\"@id\":\"https:\/\/433futbol.com\/es\/los-11-mejores-defensas-de-la-liga-de-campeones-de-todos-los-tiempos\/#article\",\"isPartOf\":{\"@id\":\"https:\/\/433futbol.com\/es\/los-11-mejores-defensas-de-la-liga-de-campeones-de-todos-los-tiempos\/\"},\"author\":{\"name\":\"Robert Baum\",\"@id\":\"https:\/\/433futbol.com\/es\/#\/schema\/person\/a74f323e8ff17a2b3e486160cbe5cace\"},\"headline\":\"Los 11 mejores defensas de la Liga de Campeones de todos los tiempos\",\"datePublished\":\"2024-07-29T15:00:28+00:00\",\"dateModified\":\"2025-05-22T19:30:19+00:00\",\"mainEntityOfPage\":{\"@id\":\"https:\/\/433futbol.com\/es\/los-11-mejores-defensas-de-la-liga-de-campeones-de-todos-los-tiempos\/\"},\"wordCount\":900,\"publisher\":{\"@id\":\"https:\/\/433futbol.com\/es\/#organization\"},\"image\":{\"@id\":\"https:\/\/433futbol.com\/es\/los-11-mejores-defensas-de-la-liga-de-campeones-de-todos-los-tiempos\/#primaryimage\"},\"thumbnailUrl\":\"https:\/\/433futbol.com\/wp-content\/uploads\/maldini-2-scaled.jpeg\",\"keywords\":[\"Ballon d'Or\",\"Barcelona\",\"Barcelona\",\"Brazil\",\"Camp Nou\",\"Carles Puyol\",\"Copa del Rey\",\"Copa del Rey\",\"Dani Alves\",\"Dani Alves\",\"defenders\",\"defensores\",\"England\",\"goals\",\"habilidades\",\"highlights\",\"Iker Casillas\",\"Italy\",\"John Terry\",\"John Terry\",\"Marcelo\",\"Marcelo\",\"Paolo Maldini\",\"Paolo Maldini\",\"Pep Guardiola\",\"Rio Ferdinand\",\"Rio Ferdinand\",\"Sergio Ramos\",\"Sergio Ramos\",\"skills\",\"Spain\",\"UEFA\",\"UEFA\",\"VAR\",\"VAR\",\"World Cup\"],\"articleSection\":[\"AC Milan\",\"AC Milan\",\"Champions League\",\"Liga de Campeones\",\"Serie A\",\"Serie A\"],\"inLanguage\":\"es\"},{\"@type\":\"WebPage\",\"@id\":\"https:\/\/433futbol.com\/es\/los-11-mejores-defensas-de-la-liga-de-campeones-de-todos-los-tiempos\/\",\"url\":\"https:\/\/433futbol.com\/es\/los-11-mejores-defensas-de-la-liga-de-campeones-de-todos-los-tiempos\/\",\"name\":\"Los 11 mejores defensas de la Liga de Campeones de todos los tiempos | 433Futbol\",\"isPartOf\":{\"@id\":\"https:\/\/433futbol.com\/es\/#website\"},\"primaryImageOfPage\":{\"@id\":\"https:\/\/433futbol.com\/es\/los-11-mejores-defensas-de-la-liga-de-campeones-de-todos-los-tiempos\/#primaryimage\"},\"image\":{\"@id\":\"https:\/\/433futbol.com\/es\/los-11-mejores-defensas-de-la-liga-de-campeones-de-todos-los-tiempos\/#primaryimage\"},\"thumbnailUrl\":\"https:\/\/433futbol.com\/wp-content\/uploads\/maldini-2-scaled.jpeg\",\"datePublished\":\"2024-07-29T15:00:28+00:00\",\"dateModified\":\"2025-05-22T19:30:19+00:00\",\"description\":\"Hay laterales de todas las formas y tama\u00f1os: algunos pueden marcar goles, correr la banda, y otros se centran en el trabajo sucio y lo pasan r\u00e1pidamente\",\"breadcrumb\":{\"@id\":\"https:\/\/433futbol.com\/es\/los-11-mejores-defensas-de-la-liga-de-campeones-de-todos-los-tiempos\/#breadcrumb\"},\"inLanguage\":\"es\",\"potentialAction\":[{\"@type\":\"ReadAction\",\"target\":[\"https:\/\/433futbol.com\/es\/los-11-mejores-defensas-de-la-liga-de-campeones-de-todos-los-tiempos\/\"]}]},{\"@type\":\"ImageObject\",\"inLanguage\":\"es\",\"@id\":\"https:\/\/433futbol.com\/es\/los-11-mejores-defensas-de-la-liga-de-campeones-de-todos-los-tiempos\/#primaryimage\",\"url\":\"https:\/\/433futbol.com\/wp-content\/uploads\/maldini-2-scaled.jpeg\",\"contentUrl\":\"https:\/\/433futbol.com\/wp-content\/uploads\/maldini-2-scaled.jpeg\",\"width\":2560,\"height\":1440,\"caption\":\"maldini\"},{\"@type\":\"BreadcrumbList\",\"@id\":\"https:\/\/433futbol.com\/es\/los-11-mejores-defensas-de-la-liga-de-campeones-de-todos-los-tiempos\/#breadcrumb\",\"itemListElement\":[{\"@type\":\"ListItem\",\"position\":1,\"name\":\"Portada\",\"item\":\"https:\/\/433futbol.com\/es\/\"},{\"@type\":\"ListItem\",\"position\":2,\"name\":\"Serie A\",\"item\":\"https:\/\/433futbol.com\/es\/categoria\/serie-a-es\/\"},{\"@type\":\"ListItem\",\"position\":3,\"name\":\"AC Milan\",\"item\":\"https:\/\/433futbol.com\/es\/categoria\/serie-a-es\/ac-milan-es\/\"},{\"@type\":\"ListItem\",\"position\":4,\"name\":\"Los 11 mejores defensas de la Liga de Campeones de todos los tiempos\"}]},{\"@type\":\"WebSite\",\"@id\":\"https:\/\/433futbol.com\/es\/#website\",\"url\":\"https:\/\/433futbol.com\/es\/\",\"name\":\"433Futbol\",\"description\":\"Cubriendo el F\u00fatbol de las Mejores Ligas del Mundo\",\"publisher\":{\"@id\":\"https:\/\/433futbol.com\/es\/#organization\"},\"potentialAction\":[{\"@type\":\"SearchAction\",\"target\":{\"@type\":\"EntryPoint\",\"urlTemplate\":\"https:\/\/433futbol.com\/es\/?s={search_term_string}\"},\"query-input\":{\"@type\":\"PropertyValueSpecification\",\"valueRequired\":true,\"valueName\":\"search_term_string\"}}],\"inLanguage\":\"es\"},{\"@type\":\"Organization\",\"@id\":\"https:\/\/433futbol.com\/es\/#organization\",\"name\":\"433Futbol\",\"url\":\"https:\/\/433futbol.com\/es\/\",\"logo\":{\"@type\":\"ImageObject\",\"inLanguage\":\"es\",\"@id\":\"https:\/\/433futbol.com\/es\/#\/schema\/logo\/image\/\",\"url\":\"https:\/\/433futbol.com\/wp-content\/uploads\/433futbolsite.png\",\"contentUrl\":\"https:\/\/433futbol.com\/wp-content\/uploads\/433futbolsite.png\",\"width\":696,\"height\":696,\"caption\":\"433Futbol\"},\"image\":{\"@id\":\"https:\/\/433futbol.com\/es\/#\/schema\/logo\/image\/\"},\"sameAs\":[\"https:\/\/facebook.com\/433Futbol\",\"https:\/\/x.com\/433futbol_\",\"https:\/\/www.instagram.com\/official433futbol\/\"]},{\"@type\":\"Person\",\"@id\":\"https:\/\/433futbol.com\/es\/#\/schema\/person\/a74f323e8ff17a2b3e486160cbe5cace\",\"name\":\"Robert Baum\",\"image\":{\"@type\":\"ImageObject\",\"inLanguage\":\"es\",\"@id\":\"https:\/\/433futbol.com\/es\/#\/schema\/person\/image\/\",\"url\":\"https:\/\/secure.gravatar.com\/avatar\/90137791f01c8fc26fd205a4098c60c9c43064ed1bf0fde849a2fc6fc75a470b?s=96&d=mm&r=g\",\"contentUrl\":\"https:\/\/secure.gravatar.com\/avatar\/90137791f01c8fc26fd205a4098c60c9c43064ed1bf0fde849a2fc6fc75a470b?s=96&d=mm&r=g\",\"caption\":\"Robert Baum\"},\"description\":\"Robert, the General Manager at 433F\u00fatbol, is a professional content creator with a deep passion for world football. With his global perspective and storytelling expertise, he brings a unique worldview to 433Futbol.com. He has previously led content creation initiatives at leading brands such as Victoria's Secret, National Geographic, and Hilton.\",\"url\":\"https:\/\/433futbol.com\/es\/author\/rb\/\"}]}<\/script>\n<!-- \/ Yoast SEO Premium plugin. -->","yoast_head_json":{"title":"Los 11 mejores defensas de la Liga de Campeones de todos los tiempos | 433Futbol","description":"Hay laterales de todas las formas y tama\u00f1os: algunos pueden marcar goles, correr la banda, y otros se centran en el trabajo sucio y lo pasan r\u00e1pidamente","robots":{"index":"index","follow":"follow","max-snippet":"max-snippet:-1","max-image-preview":"max-image-preview:large","max-video-preview":"max-video-preview:-1"},"canonical":"https:\/\/433futbol.com\/es\/los-11-mejores-defensas-de-la-liga-de-campeones-de-todos-los-tiempos\/","og_locale":"es_ES","og_type":"article","og_title":"Los 11 mejores defensas de la Liga de Campeones de todos los tiempos","og_description":"Hay laterales de todas las formas y tama\u00f1os: algunos pueden marcar goles, correr la banda, y otros se centran en el trabajo sucio y lo pasan r\u00e1pidamente","og_url":"https:\/\/433futbol.com\/es\/los-11-mejores-defensas-de-la-liga-de-campeones-de-todos-los-tiempos\/","og_site_name":"433Futbol","article_publisher":"https:\/\/facebook.com\/433Futbol","article_published_time":"2024-07-29T15:00:28+00:00","article_modified_time":"2025-05-22T19:30:19+00:00","og_image":[{"width":719,"height":363,"url":"https:\/\/433futbol.com\/wp-content\/uploads\/Maldini-UCL.png","type":"image\/png"}],"author":"Robert Baum","twitter_card":"summary_large_image","twitter_creator":"@433futbol_","twitter_site":"@433futbol_","schema":{"@context":"https:\/\/schema.org","@graph":[{"@type":"Article","@id":"https:\/\/433futbol.com\/es\/los-11-mejores-defensas-de-la-liga-de-campeones-de-todos-los-tiempos\/#article","isPartOf":{"@id":"https:\/\/433futbol.com\/es\/los-11-mejores-defensas-de-la-liga-de-campeones-de-todos-los-tiempos\/"},"author":{"name":"Robert Baum","@id":"https:\/\/433futbol.com\/es\/#\/schema\/person\/a74f323e8ff17a2b3e486160cbe5cace"},"headline":"Los 11 mejores defensas de la Liga de Campeones de todos los tiempos","datePublished":"2024-07-29T15:00:28+00:00","dateModified":"2025-05-22T19:30:19+00:00","mainEntityOfPage":{"@id":"https:\/\/433futbol.com\/es\/los-11-mejores-defensas-de-la-liga-de-campeones-de-todos-los-tiempos\/"},"wordCount":900,"publisher":{"@id":"https:\/\/433futbol.com\/es\/#organization"},"image":{"@id":"https:\/\/433futbol.com\/es\/los-11-mejores-defensas-de-la-liga-de-campeones-de-todos-los-tiempos\/#primaryimage"},"thumbnailUrl":"https:\/\/433futbol.com\/wp-content\/uploads\/maldini-2-scaled.jpeg","keywords":["Ballon d'Or","Barcelona","Barcelona","Brazil","Camp Nou","Carles Puyol","Copa del Rey","Copa del Rey","Dani Alves","Dani Alves","defenders","defensores","England","goals","habilidades","highlights","Iker Casillas","Italy","John Terry","John Terry","Marcelo","Marcelo","Paolo Maldini","Paolo Maldini","Pep Guardiola","Rio Ferdinand","Rio Ferdinand","Sergio Ramos","Sergio Ramos","skills","Spain","UEFA","UEFA","VAR","VAR","World Cup"],"articleSection":["AC Milan","AC Milan","Champions League","Liga de Campeones","Serie A","Serie A"],"inLanguage":"es"},{"@type":"WebPage","@id":"https:\/\/433futbol.com\/es\/los-11-mejores-defensas-de-la-liga-de-campeones-de-todos-los-tiempos\/","url":"https:\/\/433futbol.com\/es\/los-11-mejores-defensas-de-la-liga-de-campeones-de-todos-los-tiempos\/","name":"Los 11 mejores defensas de la Liga de Campeones de todos los tiempos | 433Futbol","isPartOf":{"@id":"https:\/\/433futbol.com\/es\/#website"},"primaryImageOfPage":{"@id":"https:\/\/433futbol.com\/es\/los-11-mejores-defensas-de-la-liga-de-campeones-de-todos-los-tiempos\/#primaryimage"},"image":{"@id":"https:\/\/433futbol.com\/es\/los-11-mejores-defensas-de-la-liga-de-campeones-de-todos-los-tiempos\/#primaryimage"},"thumbnailUrl":"https:\/\/433futbol.com\/wp-content\/uploads\/maldini-2-scaled.jpeg","datePublished":"2024-07-29T15:00:28+00:00","dateModified":"2025-05-22T19:30:19+00:00","description":"Hay laterales de todas las formas y tama\u00f1os: algunos pueden marcar goles, correr la banda, y otros se centran en el trabajo sucio y lo pasan r\u00e1pidamente","breadcrumb":{"@id":"https:\/\/433futbol.com\/es\/los-11-mejores-defensas-de-la-liga-de-campeones-de-todos-los-tiempos\/#breadcrumb"},"inLanguage":"es","potentialAction":[{"@type":"ReadAction","target":["https:\/\/433futbol.com\/es\/los-11-mejores-defensas-de-la-liga-de-campeones-de-todos-los-tiempos\/"]}]},{"@type":"ImageObject","inLanguage":"es","@id":"https:\/\/433futbol.com\/es\/los-11-mejores-defensas-de-la-liga-de-campeones-de-todos-los-tiempos\/#primaryimage","url":"https:\/\/433futbol.com\/wp-content\/uploads\/maldini-2-scaled.jpeg","contentUrl":"https:\/\/433futbol.com\/wp-content\/uploads\/maldini-2-scaled.jpeg","width":2560,"height":1440,"caption":"maldini"},{"@type":"BreadcrumbList","@id":"https:\/\/433futbol.com\/es\/los-11-mejores-defensas-de-la-liga-de-campeones-de-todos-los-tiempos\/#breadcrumb","itemListElement":[{"@type":"ListItem","position":1,"name":"Portada","item":"https:\/\/433futbol.com\/es\/"},{"@type":"ListItem","position":2,"name":"Serie A","item":"https:\/\/433futbol.com\/es\/categoria\/serie-a-es\/"},{"@type":"ListItem","position":3,"name":"AC Milan","item":"https:\/\/433futbol.com\/es\/categoria\/serie-a-es\/ac-milan-es\/"},{"@type":"ListItem","position":4,"name":"Los 11 mejores defensas de la Liga de Campeones de todos los tiempos"}]},{"@type":"WebSite","@id":"https:\/\/433futbol.com\/es\/#website","url":"https:\/\/433futbol.com\/es\/","name":"433Futbol","description":"Cubriendo el F\u00fatbol de las Mejores Ligas del Mundo","publisher":{"@id":"https:\/\/433futbol.com\/es\/#organization"},"potentialAction":[{"@type":"SearchAction","target":{"@type":"EntryPoint","urlTemplate":"https:\/\/433futbol.com\/es\/?s={search_term_string}"},"query-input":{"@type":"PropertyValueSpecification","valueRequired":true,"valueName":"search_term_string"}}],"inLanguage":"es"},{"@type":"Organization","@id":"https:\/\/433futbol.com\/es\/#organization","name":"433Futbol","url":"https:\/\/433futbol.com\/es\/","logo":{"@type":"ImageObject","inLanguage":"es","@id":"https:\/\/433futbol.com\/es\/#\/schema\/logo\/image\/","url":"https:\/\/433futbol.com\/wp-content\/uploads\/433futbolsite.png","contentUrl":"https:\/\/433futbol.com\/wp-content\/uploads\/433futbolsite.png","width":696,"height":696,"caption":"433Futbol"},"image":{"@id":"https:\/\/433futbol.com\/es\/#\/schema\/logo\/image\/"},"sameAs":["https:\/\/facebook.com\/433Futbol","https:\/\/x.com\/433futbol_","https:\/\/www.instagram.com\/official433futbol\/"]},{"@type":"Person","@id":"https:\/\/433futbol.com\/es\/#\/schema\/person\/a74f323e8ff17a2b3e486160cbe5cace","name":"Robert Baum","image":{"@type":"ImageObject","inLanguage":"es","@id":"https:\/\/433futbol.com\/es\/#\/schema\/person\/image\/","url":"https:\/\/secure.gravatar.com\/avatar\/90137791f01c8fc26fd205a4098c60c9c43064ed1bf0fde849a2fc6fc75a470b?s=96&d=mm&r=g","contentUrl":"https:\/\/secure.gravatar.com\/avatar\/90137791f01c8fc26fd205a4098c60c9c43064ed1bf0fde849a2fc6fc75a470b?s=96&d=mm&r=g","caption":"Robert Baum"},"description":"Robert, the General Manager at 433F\u00fatbol, is a professional content creator with a deep passion for world football. With his global perspective and storytelling expertise, he brings a unique worldview to 433Futbol.com. He has previously led content creation initiatives at leading brands such as Victoria's Secret, National Geographic, and Hilton.","url":"https:\/\/433futbol.com\/es\/author\/rb\/"}]}},"_links":{"self":[{"href":"https:\/\/433futbol.com\/es\/wp-json\/wp\/v2\/posts\/24020","targetHints":{"allow":["GET"]}}],"collection":[{"href":"https:\/\/433futbol.com\/es\/wp-json\/wp\/v2\/posts"}],"about":[{"href":"https:\/\/433futbol.com\/es\/wp-json\/wp\/v2\/types\/post"}],"author":[{"embeddable":true,"href":"https:\/\/433futbol.com\/es\/wp-json\/wp\/v2\/users\/2"}],"replies":[{"embeddable":true,"href":"https:\/\/433futbol.com\/es\/wp-json\/wp\/v2\/comments?post=24020"}],"version-history":[{"count":5,"href":"https:\/\/433futbol.com\/es\/wp-json\/wp\/v2\/posts\/24020\/revisions"}],"predecessor-version":[{"id":63146,"href":"https:\/\/433futbol.com\/es\/wp-json\/wp\/v2\/posts\/24020\/revisions\/63146"}],"wp:featuredmedia":[{"embeddable":true,"href":"https:\/\/433futbol.com\/es\/wp-json\/wp\/v2\/media\/155554"}],"wp:attachment":[{"href":"https:\/\/433futbol.com\/es\/wp-json\/wp\/v2\/media?parent=24020"}],"wp:term":[{"taxonomy":"category","embeddable":true,"href":"https:\/\/433futbol.com\/es\/wp-json\/wp\/v2\/categories?post=24020"},{"taxonomy":"post_tag","embeddable":true,"href":"https:\/\/433futbol.com\/es\/wp-json\/wp\/v2\/tags?post=24020"}],"curies":[{"name":"wp","href":"https:\/\/api.w.org\/{rel}","templated":true}]}}